{"id":228,"date":"2017-10-26T19:51:50","date_gmt":"2017-10-26T19:51:50","guid":{"rendered":"http:\/\/www.ibertech.org\/?p=228"},"modified":"2017-10-28T13:15:41","modified_gmt":"2017-10-28T13:15:41","slug":"el-internet-de-las-cosas","status":"publish","type":"post","link":"https:\/\/www.ibertech.org\/en\/el-internet-de-las-cosas\/","title":{"rendered":"El Internet de las cosas"},"content":{"rendered":"<h5>\u00bfC\u00f3mo cambiar\u00e1 el mundo el internet de las cosas?<\/h5>\n<p>El volumen de datos del que disponemos es cada vez mayor, las fuentes son muy diversas y esto hacer que, a trav\u00e9s de los sistemas Big Data, se puedan sacar conclusiones: desde habitos de consumo hasta predicciones a nivel sanitario de las probabilidades de sufrir una enfernedad.<br \/>\nVivimos la revoluci\u00f3n del dato pero aun falta el siguiente salto cuantitativo: <strong>El internet de las cosas<\/strong>.<br \/>\nSeg\u00fan ABI Research, m\u00e1s de\u00a030 mil millones de dispositivos\u00a0se conectar\u00e1n de forma inal\u00e1mbrica a la Internet de las Cosas para el a\u00f1o 2020. Ya son muchas las empresas que est\u00e1n desarroll\u00e1ndose en este campo, como General Electric cuya estrategia est\u00e1 orienta a conectar sus productos para poder mejorar su rendimiento sacando conlusiones sobre sus consumos, y predecir sus posible deterioro.<br \/>\nPero no s\u00f3lo se podr\u00e1 optimizar el consumo de electricidad, sino de cualquier otro recursos. Por ejemplo,\u00a0el agua: en Dubuqe, Iowa, se ha instalado ya un programa piloto para la instalaci\u00f3n de contadores digitales de agua en los hogares que registran las pautas de consumo y permite informa de posibles fugas o recomendar medidas para reducir el consumo.<br \/>\nA nivel de infraestructuras\u00a0se medir\u00e1n vibraciones y estado de puentes, edificios, v\u00edas de comunicaci\u00f3n, etc. Medici\u00f3n de la contaminaci\u00f3n ambiental, ac\u00fastica y lum\u00ednica. Medici\u00f3n de las congestiones de tr\u00e1fico y densidad peatonal.<br \/>\nEn conclusion, <strong>avanzamos hacia una conectividad total<\/strong>, no solo se conectar\u00e1n los objetos entre s\u00ed, o las personas con los objetos, sino que tambi\u00e9n se conectar\u00e1n m\u00e1quinas, recursos naturales, cadenas de producci\u00f3n, redes de log\u00edstica,pr\u00e1cticamente cualquier aspecto de la vida social y econ\u00f3mica.<\/p>\n","protected":false},"excerpt":{"rendered":"<p>M\u00e1s de 30 mil millones de dispositivos se conectar\u00e1n de forma inal\u00e1mbrica a la Internet de las Cosas para el a\u00f1o 2020 <\/p>\n","protected":false},"author":1,"featured_media":0,"comment_status":"open","ping_status":"open","sticky":false,"template":"","format":"standard","meta":[],"categories":[1],"tags":[],"wps_subtitle":"","acf":[],"_links":{"self":[{"href":"https:\/\/www.ibertech.org\/en\/wp-json\/wp\/v2\/posts\/228"}],"collection":[{"href":"https:\/\/www.ibertech.org\/en\/wp-json\/wp\/v2\/posts"}],"about":[{"href":"https:\/\/www.ibertech.org\/en\/wp-json\/wp\/v2\/types\/post"}],"author":[{"embeddable":true,"href":"https:\/\/www.ibertech.org\/en\/wp-json\/wp\/v2\/users\/1"}],"replies":[{"embeddable":true,"href":"https:\/\/www.ibertech.org\/en\/wp-json\/wp\/v2\/comments?post=228"}],"version-history":[{"count":3,"href":"https:\/\/www.ibertech.org\/en\/wp-json\/wp\/v2\/posts\/228\/revisions"}],"predecessor-version":[{"id":345,"href":"https:\/\/www.ibertech.org\/en\/wp-json\/wp\/v2\/posts\/228\/revisions\/345"}],"wp:attachment":[{"href":"https:\/\/www.ibertech.org\/en\/wp-json\/wp\/v2\/media?parent=228"}],"wp:term":[{"taxonomy":"category","embeddable":true,"href":"https:\/\/www.ibertech.org\/en\/wp-json\/wp\/v2\/categories?post=228"},{"taxonomy":"post_tag","embeddable":true,"href":"https:\/\/www.ibertech.org\/en\/wp-json\/wp\/v2\/tags?post=228"}],"curies":[{"name":"wp","href":"https:\/\/api.w.org\/{rel}","templated":true}]}}