{"id":940,"date":"2018-09-05T11:04:53","date_gmt":"2018-09-05T11:04:53","guid":{"rendered":"https:\/\/www.ibertech.org\/?p=940"},"modified":"2018-09-06T11:50:59","modified_gmt":"2018-09-06T11:50:59","slug":"big-data-para-vender-mas","status":"publish","type":"post","link":"https:\/\/www.ibertech.org\/en\/big-data-para-vender-mas\/","title":{"rendered":"BIG DATA para vender m\u00e1s"},"content":{"rendered":"<p><\/p>\n<h3><strong>Localiza a tus clientes al instante y rentabiliza la informaci\u00f3n<\/strong><\/h3>\n<p><strong> <\/strong><\/p>\n<p>Ibertech organizar un nuevo evento, esta vez de la mano de Orange. Tratar\u00e1 acerca de anal\u00edtica y Big Data, y de c\u00f3mo \u00e9ste fen\u00f3meno ha llegado ya a todas las empresas para quedarse. Ya no hay excusas para no analizar tus datos!.<\/p>\n<p>Durante el evento, de manera m\u00e1s concreta hablaremos de datos \u201ctelco\u201d y de c\u00f3mo cualquier tipo de negocio puede conocer m\u00e1s informaci\u00f3n acerca de lo que pasa alrededor de su punto de venta. Hablaremos de la importancia de conocer cu\u00e1nta gente pasa por una ubicaci\u00f3n concreta, a qu\u00e9 horas y qu\u00e9 perfil tienen tus potenciales clientes.<br \/>\n&nbsp;<br \/>\n<img loading=\"lazy\" class=\"alignnone size-full wp-image-946\" src=\"https:\/\/www.ibertech.org\/wp-content\/uploads\/2018\/09\/caracteristicas.jpg\" alt=\"\" width=\"574\" height=\"521\" srcset=\"https:\/\/www.ibertech.org\/wp-content\/uploads\/2018\/09\/caracteristicas.jpg 574w, https:\/\/www.ibertech.org\/wp-content\/uploads\/2018\/09\/caracteristicas-300x272.jpg 300w\" sizes=\"(max-width: 574px) 100vw, 574px\" \/><br \/>\n&nbsp;<br \/>\n<strong>\u27a4<\/strong><strong> D\u00cdA<\/strong>: jueves 27 de septiembre<br \/>\n<strong>\u27a4<\/strong><strong> LUGAR<\/strong>: Calle Poeta Querol 15.<\/p>\n<p><strong>C\u00e1mara de Comercio de Valencia \u2013 Sede Central. 46002 Valencia<\/strong><\/p>\n<h2> <a href=\"https:\/\/www.bigdataparavendermas.es\/#inscripcion\" target=\"_blank\" rel=\"noopener\"><img loading=\"lazy\" class=\"alignnone size-full wp-image-941\" src=\"https:\/\/www.ibertech.org\/wp-content\/uploads\/2018\/09\/2018-09-05-13_02_44-Evento_Valencia_Noticia.docx-Word.png\" alt=\"\" width=\"542\" height=\"408\" srcset=\"https:\/\/www.ibertech.org\/wp-content\/uploads\/2018\/09\/2018-09-05-13_02_44-Evento_Valencia_Noticia.docx-Word.png 542w, https:\/\/www.ibertech.org\/wp-content\/uploads\/2018\/09\/2018-09-05-13_02_44-Evento_Valencia_Noticia.docx-Word-300x226.png 300w\" sizes=\"(max-width: 542px) 100vw, 542px\" \/><\/a><\/h2>\n<p>&nbsp;<\/p>","protected":false},"excerpt":{"rendered":"<p>Localiza a tus clientes al instante y rentabiliza la informaci\u00f3n Ibertech organizar un nuevo evento, esta vez de la mano de Orange. Tratar\u00e1 acerca de anal\u00edtica y Big Data, y de c\u00f3mo \u00e9ste fen\u00f3meno ha llegado ya a todas las empresas para quedarse. Ya no hay excusas para no analizar tus datos!. Durante el evento, [&hellip;]<\/p>\n","protected":false},"author":1,"featured_media":943,"comment_status":"open","ping_status":"open","sticky":false,"template":"","format":"standard","meta":[],"categories":[1],"tags":[],"wps_subtitle":"","acf":[],"_links":{"self":[{"href":"https:\/\/www.ibertech.org\/en\/wp-json\/wp\/v2\/posts\/940"}],"collection":[{"href":"https:\/\/www.ibertech.org\/en\/wp-json\/wp\/v2\/posts"}],"about":[{"href":"https:\/\/www.ibertech.org\/en\/wp-json\/wp\/v2\/types\/post"}],"author":[{"embeddable":true,"href":"https:\/\/www.ibertech.org\/en\/wp-json\/wp\/v2\/users\/1"}],"replies":[{"embeddable":true,"href":"https:\/\/www.ibertech.org\/en\/wp-json\/wp\/v2\/comments?post=940"}],"version-history":[{"count":9,"href":"https:\/\/www.ibertech.org\/en\/wp-json\/wp\/v2\/posts\/940\/revisions"}],"predecessor-version":[{"id":952,"href":"https:\/\/www.ibertech.org\/en\/wp-json\/wp\/v2\/posts\/940\/revisions\/952"}],"wp:featuredmedia":[{"embeddable":true,"href":"https:\/\/www.ibertech.org\/en\/wp-json\/wp\/v2\/media\/943"}],"wp:attachment":[{"href":"https:\/\/www.ibertech.org\/en\/wp-json\/wp\/v2\/media?parent=940"}],"wp:term":[{"taxonomy":"category","embeddable":true,"href":"https:\/\/www.ibertech.org\/en\/wp-json\/wp\/v2\/categories?post=940"},{"taxonomy":"post_tag","embeddable":true,"href":"https:\/\/www.ibertech.org\/en\/wp-json\/wp\/v2\/tags?post=940"}],"curies":[{"name":"wp","href":"https:\/\/api.w.org\/{rel}","templated":true}]}}