{"id":391,"date":"2017-11-16T17:01:19","date_gmt":"2017-11-16T17:01:19","guid":{"rendered":"http:\/\/www.ibertech.org\/?p=391"},"modified":"2017-11-23T13:01:16","modified_gmt":"2017-11-23T13:01:16","slug":"portugues-do-brasil-ponencias-gdpr-en-las-oficinas-ibm","status":"publish","type":"post","link":"https:\/\/www.ibertech.org\/pt\/portugues-do-brasil-ponencias-gdpr-en-las-oficinas-ibm\/","title":{"rendered":"Ponencias GDPR en las oficinas IBM"},"content":{"rendered":"<p>Ibertech estuvo presente, el pasado 6 de noviembre, en las sesiones relativas a la \u201cGeneral Data Protection Regulation\u201d\u00a0(GDPR) que tuvieron lugar en las instalaciones de IBM.<\/p>\n<p>La jornada estuvo centrada en las soluciones anal\u00edticas de IBM, con un enfoque orientado al cumplimiento de la GDPR.<\/p>\n<p>La novedad del asunto fue que cualquier compa\u00f1\u00eda que trate con datos de ciudadanos puede ser susceptible de tratar con lo que se denomina \u201cinformaci\u00f3n sensible\u201d y, por ello, se ve afectada por los cambios introducidos en esta nueva regulaci\u00f3n.<\/p>\n<p>Se hizo menci\u00f3n especial al hecho de \u201cresponsabilidad compartida\u201d, por parte de los proveedores de la informaci\u00f3n, aunque ellos no sean los due\u00f1os de la misma.<\/p>\n<p>Por otro lado, se trat\u00f3 el tema de la ley, que cada d\u00eda est\u00e1 m\u00e1s a favor de la protecci\u00f3n hacia los ciudadanos, lo que obliga a las empresas a utilizar todas las nuevas tecnolog\u00edas disponibles.<\/p>\n<p>Adem\u00e1s, se habl\u00f3 acerca de un nuevo cargo dentro de las organizaciones, que gestionar\u00e1 todo lo relativo a los datos, el conocido \u201cChief Data Officer\u201d.<\/p>\n<p>No obstante, uno de los temas importantes que se trat\u00f3 en las ponencias son las multas por no cumplir la nueva normativa, pues las cuant\u00edas son elevadas (sanciones que oscilan entre el 2-4% del volumen de facturaci\u00f3n).<\/p>\n<p>Durante las sesiones tambi\u00e9n se habl\u00f3 de los diferentes \u00e1mbitos, a los cu\u00e1les afectaba la GDPR directamente:<\/p>\n<ul>\n<li>Equipo Humano: Figura del CDO.<\/li>\n<li>Organizaci\u00f3n: Sistema de reporting \/ dashboards para las auditor\u00edas.<\/li>\n<li>Procesos: C\u00f3mo proceder y actuar en caso de brechas de seguridad, c\u00f3mo se informa, etc.<\/li>\n<li>Gesti\u00f3n de Datos: \u00bfQu\u00e9 capacidades deben tener las compa\u00f1\u00edas?, identificar d\u00f3nde est\u00e1 la informaci\u00f3n, y establecer las relaciones entre las diferentes fuentes.<\/li>\n<li>Seguridad.<\/li>\n<\/ul>\n<p>Las ponencias giraron en torno a varios productos de IBM, de los que destacamos:<\/p>\n<ul>\n<li><b>Infosphere<\/b>: Para tratamiento de datos estructurados.<\/li>\n<li><b>Optim<\/b>: Para temas de anonimizaci\u00f3n.<\/li>\n<li><b>StoredIQ<\/b>: Para datos desectructurados.<\/li>\n<li><b>Guardium, Resilient, QRadar o zScure:<\/b> Para Security &amp; Compliance<\/li>\n<\/ul>\n<p>Cabe subrayar tambi\u00e9n el tema del posicionamiento de IBM, en el que dividieron el \u201cproblema\u201d en 6 <i>Building blocks:<\/i><\/p>\n<p>&nbsp;<\/p>\n<ul>\n<li><i>Discovery &amp; Profiling<\/i><\/li>\n<\/ul>\n<ul>\n<li>Information Gobernance<\/li>\n<\/ul>\n<ul>\n<li>Data Security<\/li>\n<\/ul>\n<ul>\n<li>Consent Management<\/li>\n<\/ul>\n<ul>\n<li>Right to Erasure<\/li>\n<\/ul>\n<ul>\n<li>Data Pseudonymization<\/li>\n<\/ul>\n<p>&nbsp;<\/p>\n<p>En resumen, IBM dispone de productos que contribuyen a \u201cdemostrar que de forma proactiva se busca cumplir la GDPR\u201d, pues sus productos tienen capacidades que cubren los requisitos que pide la ley.<\/p>\n","protected":false},"excerpt":{"rendered":"<p>Ibertech estuvo presente, el pasado 6 de noviembre, en las sesiones relativas a la \u201cGeneral Data Protection Regulation\u201d (GDPR) que tuvieron lugar en las instalaciones de IBM.<\/p>\n","protected":false},"author":1,"featured_media":392,"comment_status":"open","ping_status":"open","sticky":false,"template":"","format":"standard","meta":[],"categories":[1],"tags":[],"wps_subtitle":"","acf":[],"_links":{"self":[{"href":"https:\/\/www.ibertech.org\/pt\/wp-json\/wp\/v2\/posts\/391"}],"collection":[{"href":"https:\/\/www.ibertech.org\/pt\/wp-json\/wp\/v2\/posts"}],"about":[{"href":"https:\/\/www.ibertech.org\/pt\/wp-json\/wp\/v2\/types\/post"}],"author":[{"embeddable":true,"href":"https:\/\/www.ibertech.org\/pt\/wp-json\/wp\/v2\/users\/1"}],"replies":[{"embeddable":true,"href":"https:\/\/www.ibertech.org\/pt\/wp-json\/wp\/v2\/comments?post=391"}],"version-history":[{"count":4,"href":"https:\/\/www.ibertech.org\/pt\/wp-json\/wp\/v2\/posts\/391\/revisions"}],"predecessor-version":[{"id":401,"href":"https:\/\/www.ibertech.org\/pt\/wp-json\/wp\/v2\/posts\/391\/revisions\/401"}],"wp:featuredmedia":[{"embeddable":true,"href":"https:\/\/www.ibertech.org\/pt\/wp-json\/wp\/v2\/media\/392"}],"wp:attachment":[{"href":"https:\/\/www.ibertech.org\/pt\/wp-json\/wp\/v2\/media?parent=391"}],"wp:term":[{"taxonomy":"category","embeddable":true,"href":"https:\/\/www.ibertech.org\/pt\/wp-json\/wp\/v2\/categories?post=391"},{"taxonomy":"post_tag","embeddable":true,"href":"https:\/\/www.ibertech.org\/pt\/wp-json\/wp\/v2\/tags?post=391"}],"curies":[{"name":"wp","href":"https:\/\/api.w.org\/{rel}","templated":true}]}}